{"id":8600,"date":"2024-09-10T11:31:25","date_gmt":"2024-09-10T09:31:25","guid":{"rendered":"https:\/\/juvigo.nl\/magazine\/?p=8600"},"modified":"2025-09-11T13:06:14","modified_gmt":"2025-09-11T11:06:14","slug":"wanneer-zijn-de-schoolvakanties-in-vlaanderen","status":"publish","type":"post","link":"https:\/\/juvigo.nl\/magazine\/gids\/schoolvakanties\/wanneer-zijn-de-schoolvakanties-in-vlaanderen\/","title":{"rendered":"Wanneer zijn de schoolvakanties in Vlaanderen?"},"content":{"rendered":"\n<p>Hoe leuk school en tijd met vrienden ook is, alle kinderen en jongeren kijken uit naar de schoolvakanties. Of het nu zomervakantie, paasvakantie, wintervakantie, herfstvakantie of kerstvakantie is. Om je een overzicht te geven van alle schoolvakanties in Vlaanderen in 2025\/2026, hebben wij deze voor je op een rijtje gezet.&nbsp;<\/p>\n\n\n\n<ul class=\"wp-block-list\">\n<li><strong>Herfstvakantie<\/strong>: van maandag 27 oktober tot en met zondag 2 november 2025<\/li>\n\n\n\n<li><strong>Kerstvakantie<\/strong>: van maandag 22 december 2025 tot en met zondag 4 januari 2026<\/li>\n\n\n\n<li><strong>Krokusvakantie<\/strong>: van maandag 16 tot en met zondag 22 februari 2026<\/li>\n\n\n\n<li><strong>Paasvakantie<\/strong>: van maandag 6 tot en met zondag 19 april 2026 (paasmaandag: 6 april)<\/li>\n\n\n\n<li><strong>Zomervakantie<\/strong>: van woensdag 1 juli tot en met maandag 31 augustus 2026<\/li>\n<\/ul>\n\n\n\n<h2 class=\"wp-block-heading has-trawell-meta-color has-text-color\"><strong>Schoolvakanties in Vlaanderen &#8211; avontuur en plezier voor jou!<\/strong><\/h2>\n\n\n\n<p>Verveling is een onbekend woord op vakantie in Vlaanderen! Je kunt je adrenaline laten pompen met spannende buitenactiviteiten. Wat dacht je van een mountainbiken door het schilderachtige landschap van Leper of een rit te paard door de bergen op <a href=\"https:\/\/juvigo.be\/nl\/kampen\/paardrijkampen\">paardrijkamp<\/a>? Voor de echte avonturiers zijn Ardennen ook geschikt voor een <a href=\"https:\/\/juvigo.be\/nl\/kampen\/survivalkampen\">survivalkamp<\/a>.<br>Als je liever binnen blijft, zijn er veel andere kampen om te bezoeken. Zo kun je aan je eigen game werken op het game develop kamp, of de hoofdrol spelen op <a href=\"https:\/\/juvigo.be\/nl\/kampen\/musicalkampen\">musicalkamp<\/a>.&nbsp;<\/p>\n\n\n\n<h3 class=\"wp-block-heading has-trawell-acc-color has-text-color\"><strong>Activiteiten voor kinderen en tieners<\/strong><\/h3>\n\n\n\n<div class=\"wp-block-columns is-layout-flex wp-container-core-columns-is-layout-1 wp-block-columns-is-layout-flex\">\n<div class=\"wp-block-column is-vertically-aligned-center is-layout-flow wp-block-column-is-layout-flow\">\n<p>Vlaanderen biedt veel activiteiten die vooral interessant zijn voor kinderen en jongeren. Zo zijn er tal aan kinderboerderijen in bijvoorbeeld Lier, Oostende en Hasselt. Voor een leerzaam uitstapje terug in de tijd, kun je een bezoek schenken aan het Stedelijk Museum Aarschot of het prachtige kasteel Gravensteen Gent bewonderen.<\/p>\n\n\n\n<p>In Antwerpen kun je de grootste dierentuin van Vlaanderen bezoeken, waar je een indrukwekkende verscheidenheid aan dieren uit de hele wereld kunt zien. Of wat dacht je van een bezoek aan Jumpsquare Kortrijk, waar je je kunt vermaken in diverse Jump-zones?<\/p>\n<\/div>\n\n\n\n<div class=\"wp-block-column is-vertically-aligned-center is-layout-flow wp-block-column-is-layout-flow\">\n<figure class=\"wp-block-image size-large is-resized\"><img decoding=\"async\" width=\"1024\" height=\"683\" data-src=\"https:\/\/juvigo.nl\/magazine\/wp-content\/uploads\/2024\/09\/chimkim-1024x683.jpg\" alt=\"Kippen bij hok, activiteiten schoolvakanties Vlaanderen\" class=\"wp-image-8608 lazyload\" style=\"--smush-placeholder-width: 1024px; --smush-placeholder-aspect-ratio: 1024\/683;aspect-ratio:1.499267935578331;width:447px;height:auto\" data-srcset=\"https:\/\/juvigo.nl\/magazine\/wp-content\/uploads\/2024\/09\/chimkim-1024x683.jpg 1024w, https:\/\/juvigo.nl\/magazine\/wp-content\/uploads\/2024\/09\/chimkim-300x200.jpg 300w, https:\/\/juvigo.nl\/magazine\/wp-content\/uploads\/2024\/09\/chimkim-768x512.jpg 768w, https:\/\/juvigo.nl\/magazine\/wp-content\/uploads\/2024\/09\/chimkim-1536x1024.jpg 1536w, https:\/\/juvigo.nl\/magazine\/wp-content\/uploads\/2024\/09\/chimkim-600x400.jpg 600w, https:\/\/juvigo.nl\/magazine\/wp-content\/uploads\/2024\/09\/chimkim-800x533.jpg 800w, https:\/\/juvigo.nl\/magazine\/wp-content\/uploads\/2024\/09\/chimkim-227x152.jpg 227w, https:\/\/juvigo.nl\/magazine\/wp-content\/uploads\/2024\/09\/chimkim-143x96.jpg 143w, https:\/\/juvigo.nl\/magazine\/wp-content\/uploads\/2024\/09\/chimkim-585x390.jpg 585w, https:\/\/juvigo.nl\/magazine\/wp-content\/uploads\/2024\/09\/chimkim-385x257.jpg 385w, https:\/\/juvigo.nl\/magazine\/wp-content\/uploads\/2024\/09\/chimkim.jpg 1920w\" data-sizes=\"(max-width: 1024px) 100vw, 1024px\" src=\"data:image\/gif;base64,R0lGODlhAQABAAAAACH5BAEKAAEALAAAAAABAAEAAAICTAEAOw==\" \/><\/figure>\n<\/div>\n<\/div>\n\n\n\n<h3 class=\"wp-block-heading has-trawell-acc-color has-text-color\"><strong>Grotere steden in de buurt voor je schoolvakantie in Vlaanderen?<\/strong><\/h3>\n\n\n\n<div class=\"wp-block-columns are-vertically-aligned-center is-layout-flex wp-container-core-columns-is-layout-2 wp-block-columns-is-layout-flex\">\n<div class=\"wp-block-column is-vertically-aligned-center is-layout-flow wp-block-column-is-layout-flow\">\n<figure class=\"wp-block-image size-large\"><img decoding=\"async\" width=\"683\" height=\"1024\" data-src=\"https:\/\/juvigo.nl\/magazine\/wp-content\/uploads\/2024\/09\/brugge-683x1024.jpg\" alt=\"Belfort Brugge, activiteiten schoolvakanties Vlaanderen\" class=\"wp-image-8607 lazyload\" data-srcset=\"https:\/\/juvigo.nl\/magazine\/wp-content\/uploads\/2024\/09\/brugge-683x1024.jpg 683w, https:\/\/juvigo.nl\/magazine\/wp-content\/uploads\/2024\/09\/brugge-200x300.jpg 200w, https:\/\/juvigo.nl\/magazine\/wp-content\/uploads\/2024\/09\/brugge-768x1152.jpg 768w, https:\/\/juvigo.nl\/magazine\/wp-content\/uploads\/2024\/09\/brugge-1024x1536.jpg 1024w, https:\/\/juvigo.nl\/magazine\/wp-content\/uploads\/2024\/09\/brugge-1365x2048.jpg 1365w, https:\/\/juvigo.nl\/magazine\/wp-content\/uploads\/2024\/09\/brugge-1280x1920.jpg 1280w, https:\/\/juvigo.nl\/magazine\/wp-content\/uploads\/2024\/09\/brugge-600x900.jpg 600w, https:\/\/juvigo.nl\/magazine\/wp-content\/uploads\/2024\/09\/brugge-800x1200.jpg 800w, https:\/\/juvigo.nl\/magazine\/wp-content\/uploads\/2024\/09\/brugge-scaled.jpg 1707w\" data-sizes=\"(max-width: 683px) 100vw, 683px\" src=\"data:image\/gif;base64,R0lGODlhAQABAAAAACH5BAEKAAEALAAAAAABAAEAAAICTAEAOw==\" style=\"--smush-placeholder-width: 683px; --smush-placeholder-aspect-ratio: 683\/1024;\" \/><\/figure>\n<\/div>\n\n\n\n<div class=\"wp-block-column is-vertically-aligned-center is-layout-flow wp-block-column-is-layout-flow\">\n<p>Een vakantie in Vlaanderen biedt niet alleen een overvloed aan activiteiten en bezienswaardigheden. Vlaanderen is de thuisbasis van enkele van de spannendste steden van Belgi\u00eb: het pittoreske Brugge, gelegen aan de kust, staat bekend om zijn schilderachtige stadsgezichten met smalle straatjes en talloze trapgevels.<br>Op slechts een korte reisafstand van Brugge ligt de wereldhaven van Zeebrugge. Dit is de op \u00e9\u00e9n na grootste haven van Belgi\u00eb. Hier kun je de indrukwekkende schepen bewonderen en genieten van het uitzicht over de uitgestrekte Belgische Noordzee.<\/p>\n\n\n\n<p>Verder naar het oosten, tussen Antwerpen en Brugge, ligt een stad die het beste van deze beide steden met elkaar combineert: historische charme en een bruisend studentenleven. Dit leidt tot een hele hoop creativiteit, wat absoluut terug te zien is in de cultuur van de stad. Had jij het al geraden? Dit gaat natuurlijk over Gent.&nbsp;<\/p>\n<\/div>\n<\/div>\n\n\n\n<p>Een vakantie in Vlaanderen biedt je eindeloze mogelijkheden om plezier te hebben, te leren en nieuwe avonturen te beleven. Of je nu de natuur wilt verkennen, culturele schatten wilt ontdekken of nieuwe vrienden wilt maken, Vlaanderen heeft voor elk wat wils. Maak van je vakantie een onvergetelijke tijd die je je voor altijd zult herinneren!<\/p>\n\n\n\n<h2 class=\"wp-block-heading has-trawell-meta-color has-text-color\"><strong>Wanneer is de herfstvakantie in Vlaanderen?<\/strong><\/h2>\n\n\n\n<p><strong>Herfstvakantie: van maandag 27 oktober tot en met zondag 2 november 2025<\/strong><\/p>\n\n\n\n<h3 class=\"wp-block-heading has-trawell-acc-color has-text-color\"><strong>Herfstvakantie in Vlaanderen: jouw avontuur wacht!<\/strong><\/h3>\n\n\n\n<p>Hou je van de herfst en ben je op zoek naar een unieke vakantiebestemming? Dan ben je in Vlaanderen aan het juiste adres! Hier ontdek je waarom de herfstvakantie in Vlaanderen een absolute must is en welke spannende activiteiten je te wachten staan.<\/p>\n\n\n\n<h3 class=\"wp-block-heading has-trawell-acc-color has-text-color\"><strong>Genieten van de kleurrijke natuur in Vlaanderen<\/strong><\/h3>\n\n\n\n<p>Tijdens de herfstvakantie is Vlaanderen op zijn mooist met de schitterende herfstkleuren in de natuur. Dit seizoen is perfect voor gezellige buitenactiviteiten met het gezin.<\/p>\n\n\n\n<ol class=\"wp-block-list\">\n<li><strong>Wandelen in het Zoni\u00ebnwoud<\/strong>&nbsp;<\/li>\n<\/ol>\n\n\n\n<p>Maak een wandeling door dit prachtige bos in de buurt van Brussel, waar de herfstkleuren volop te bewonderen zijn. Dit is een geweldige manier om de natuur te verkennen terwijl je geniet van de frisse herfstlucht.<\/p>\n\n\n\n<ol start=\"2\" class=\"wp-block-list\">\n<li><strong>Pumpkin picking en herfstmarkten<\/strong>&nbsp;<\/li>\n<\/ol>\n\n\n\n<p>Veel Vlaamse steden en dorpen organiseren tijdens de herfstvakantie gezellige markten. Je kunt ook je eigen pompoenen plukken op boerderijen zoals \u2019t Ambrozijn in Sint-Niklaas.<\/p>\n\n\n\n<ol start=\"3\" class=\"wp-block-list\">\n<li><strong>Plopsaland De Panne \u2013 Halloween Special<\/strong><\/li>\n<\/ol>\n\n\n\n<p>Dit themapark aan de kust biedt tijdens de herfstvakantie een Halloween-ervaring voor jong en oud. Spannende attracties worden omgetoverd in Halloween-sferen, met speciale shows en decoraties.<\/p>\n\n\n\n<h3 class=\"wp-block-heading has-trawell-acc-color has-text-color\"><strong>Op kamp tijdens de herfstvakantie<\/strong><\/h3>\n\n\n\n<p>De herfstvakantie is een week aan vrije tijd die je helemaal zelf kunt invullen. Om de mogelijkheden te vergroten, biedt Juvigo verschillende opties aan <a href=\"https:\/\/juvigo.be\/nl\/kampen\/kampen-herfstvakantie\">herfstkampen<\/a> en -reizen. Wil je deze schoolvakantie gebruiken om nieuwe mensen te leren kennen? Dan kun je dit doen op een leuke <a href=\"https:\/\/juvigo.be\/nl\/groepsreizen\">groepsreis<\/a> of op <a href=\"https:\/\/juvigo.be\/nl\/jongerenreizen\">jongerenreis<\/a>. Beleef samen met leeftijdsgenoten een onvergetelijke week.<\/p>\n\n\n\n<p>De koukleumen kunnen deze misschien beter overslaan, maar zelfs in de herfstvakantie zijn er <a href=\"https:\/\/juvigo.be\/nl\/kampen\/surfkampen-belgie\">surfkampen<\/a> beschikbaar! Geniet nog even van de lekkere dagen, voordat het echte winterweer begint.<\/p>\n\n\n\n<h2 class=\"wp-block-heading has-trawell-meta-color has-text-color\"><strong>Wanneer is de kerstvakantie in <\/strong><strong>Vlaanderen<\/strong><strong>?<\/strong><\/h2>\n\n\n\n<p><strong>Kerstvakantie: van maandag 22 december 2025 tot en met zondag 4 januari 2026<\/strong><\/p>\n\n\n\n<h3 class=\"wp-block-heading has-trawell-acc-color has-text-color\"><strong>Winterse gezelligheid in Vlaanderen<\/strong><\/h3>\n\n\n\n<p>De kerstvakantie is een tijd van vreugde, saamhorigheid en avontuur. In Vlaanderen is er tijdens deze feestdagen een overvloed aan activiteiten voor het hele gezin. Dompel jezelf onder in de winterse magie van Vlaanderen en ontdek hoe je deze schoolvakantie onvergetelijk kunt maken.<\/p>\n\n\n\n<div class=\"wp-block-columns is-layout-flex wp-container-core-columns-is-layout-3 wp-block-columns-is-layout-flex\">\n<div class=\"wp-block-column is-layout-flow wp-block-column-is-layout-flow\">\n<ol class=\"wp-block-list\">\n<li><strong>Kerstmarkten in Gent en Brugge<\/strong>&nbsp;<\/li>\n<\/ol>\n\n\n\n<p>Vlaanderen staat bekend om zijn sfeervolle kerstmarkten. De kerstmarkten in Gent en Brugge behoren tot de mooiste van het land, met kraampjes vol lekkernijen, handgemaakte cadeaus en gezellige verlichting.<\/p>\n\n\n\n<ol start=\"2\" class=\"wp-block-list\">\n<li><strong>Schaatsen op de ijspistes<\/strong>&nbsp;<\/li>\n<\/ol>\n\n\n\n<p>Veel Vlaamse steden hebben tijdens de kerstvakantie schaatsbanen in het centrum. Of je nu in Leuven, Antwerpen of Hasselt bent, schaatsen met een warme chocolademelk achteraf maakt de winter compleet.<\/p>\n\n\n\n<ol start=\"3\" class=\"wp-block-list\">\n<li><strong>Winterwandelingen in de Ardennen<\/strong>&nbsp;<\/li>\n<\/ol>\n\n\n\n<p>Voor wie op zoek is naar winterse natuur, zijn de Belgische Ardennen een ideale bestemming. Maak een stevige wandeling door de besneeuwde bossen en geniet van de serene winterpracht.<\/p>\n<\/div>\n\n\n\n<div class=\"wp-block-column is-vertically-aligned-center is-layout-flow wp-block-column-is-layout-flow\">\n<figure class=\"wp-block-image size-full\"><img decoding=\"async\" width=\"640\" height=\"960\" data-src=\"https:\/\/juvigo.nl\/magazine\/wp-content\/uploads\/2024\/09\/snow-klein-1.jpg\" alt=\"Sneeuw in winkelstraat tijdens kerst, activiteiten schoolvakanties Vlaanderen\" class=\"wp-image-8611 lazyload\" data-srcset=\"https:\/\/juvigo.nl\/magazine\/wp-content\/uploads\/2024\/09\/snow-klein-1.jpg 640w, https:\/\/juvigo.nl\/magazine\/wp-content\/uploads\/2024\/09\/snow-klein-1-200x300.jpg 200w, https:\/\/juvigo.nl\/magazine\/wp-content\/uploads\/2024\/09\/snow-klein-1-600x900.jpg 600w\" data-sizes=\"(max-width: 640px) 100vw, 640px\" src=\"data:image\/gif;base64,R0lGODlhAQABAAAAACH5BAEKAAEALAAAAAABAAEAAAICTAEAOw==\" style=\"--smush-placeholder-width: 640px; --smush-placeholder-aspect-ratio: 640\/960;\" \/><\/figure>\n<\/div>\n<\/div>\n\n\n\n<h3 class=\"wp-block-heading has-trawell-acc-color has-text-color\"><strong>Sneeuwpret op najaarskamp<\/strong><\/h3>\n\n\n\n<p>De kerstvakantie is \u00e9\u00e9n van de gezelligste vakanties van het jaar. Niet alleen kerst, maar ook oud &amp; nieuw worden tijdens deze vakantie gevierd. Daarbij heb je nu ook de mogelijkheid om met Juvigo mee te gaan op kerstkamp, om zo een onvergetelijke tijd te beleven.&nbsp;<\/p>\n\n\n\n<p>Beleef je kerstvakantie dichtbij huis of ga mee op <a href=\"https:\/\/juvigo.be\/nl\/kampen\/jongerenreizen-wintersport\">wintersport<\/a> in Frankrijk of op internationaal <a href=\"https:\/\/juvigo.be\/nl\/voetbalkampen\">voetbalkamp<\/a> in Spanje voor een geweldige ervaring!<\/p>\n\n\n\n<h2 class=\"wp-block-heading has-trawell-meta-color has-text-color\"><strong>Wanneer is de krokusvakantie in <\/strong><strong>Vlaanderen<\/strong><strong>?<\/strong><\/h2>\n\n\n\n<p><strong>Krokusvakantie: van maandag 16 tot en met zondag 22 februari 2026<\/strong><\/p>\n\n\n\n<h3 class=\"wp-block-heading has-trawell-acc-color has-text-color\"><strong>Lente in Vlaanderen<\/strong><\/h3>\n\n\n\n<p>De <a href=\"https:\/\/juvigo.nl\/magazine\/meer\/krokusvakantie-2026-de-ultieme-gids-voor-een-onvergetelijke-vakantie\/\">krokusvakantie<\/a> in Vlaanderen staat voor de deur en wat is er mooier dan de frisse lente ervaren op eigen bodem? Je kunt beginnen aan een fascinerende reis naar deze pittoreske regio van Belgi\u00eb en een verscheidenheid aan spannende activiteiten en attracties ontdekken, allemaal geschikt voor de krokusvakantie. We nodigen je uit om deze prachtige regio te verkennen en een onvergetelijk vakantie avontuur te beleven.<\/p>\n\n\n\n<ol class=\"wp-block-list\">\n<li><strong>Bezoek de Plantentuin Meise<\/strong>&nbsp;<\/li>\n<\/ol>\n\n\n\n<p>In deze prachtige botanische tuin nabij Brussel komen de eerste lentebloemen tot bloei. De Plantentuin is een heerlijke plek om tijdens de voorjaarsvakantie te genieten van de natuur.<\/p>\n\n\n\n<ol start=\"2\" class=\"wp-block-list\">\n<li><strong>Dierenparken zoals Pairi Daiza en de Antwerpse Zoo<\/strong>&nbsp;<\/li>\n<\/ol>\n\n\n\n<p>Dierenparken zijn het hele jaar door een leuk uitje, maar in de lente worden er vaak jonge dieren geboren. Een bezoek aan Pairi Daiza of de Zoo van Antwerpen is een educatieve en leuke activiteit voor kinderen.<\/p>\n\n\n\n<ol start=\"3\" class=\"wp-block-list\">\n<li><strong>Fietsen langs de Vlaamse Kust<\/strong>&nbsp;<\/li>\n<\/ol>\n\n\n\n<p>De voorjaarsvakantie is een goed moment om de kuststreek te verkennen. Huur een fiets en ontdek de duinen en het strand in steden zoals Oostende of Knokke-Heist.<\/p>\n\n\n\n<h3 class=\"wp-block-heading has-trawell-acc-color has-text-color\"><strong>Vier de lente op kamp?<\/strong><\/h3>\n\n\n\n<p>Wanneer de dieren weer uit hun winterslaap kruipen, is het ook voor jou tijd om uit je comfortzone te komen! Juvigo biedt tijdens de <a href=\"https:\/\/juvigo.be\/nl\/kampen\/kampen-krokusvakantie\">krokusvakantie<\/a> verschillende sport- en creatieve kampen aan die je de kans geven om jouw vaardigheden verder te ontwikkelen. Op het gebied van creativiteit zijn er een aantal <a href=\"https:\/\/juvigo.be\/nl\/kampen\/creakampen\">creakampen<\/a> waar je aan kunt deelnemen. Denk hierbij aan activiteiten als je eigen kleding ontwerpen, de mooiste lego bouwwerken maken of iedereen verslaan in een intens potje Dungeons and Dragons! Een andere, hele leuke optie is een <a href=\"https:\/\/juvigo.be\/nl\/kampen\/danskampen\">danskamp<\/a>. Maak gebruik van je voorjaarse energie en dans de sterren van de hemel.<\/p>\n\n\n\n<p>Over voorjaarse energie gesproken &#8211; misschien is een <a href=\"https:\/\/juvigo.be\/nl\/sportkampen\">sportkamp<\/a> wel iets voor jou? De mogelijkheden vari\u00ebren van <a href=\"https:\/\/juvigo.be\/nl\/watersportkampen\">watersportkamp<\/a> tot aan <a href=\"https:\/\/juvigo.be\/nl\/kampen\/hockeykampen\">hockeykamp<\/a>. Ze zijn allemaal even actief en zullen jouw schoolvakantie ongetwijfeld omtoveren in een onvergetelijke week!<\/p>\n\n\n\n<h2 class=\"wp-block-heading\"><strong>Wanneer is de paasvakantie in Vlaanderen?<\/strong><\/h2>\n\n\n\n<p><strong>Paasvakantie: van maandag 6 tot en met zondag 19 april 2026 (paasmaandag: 6 april)<\/strong><\/p>\n\n\n\n<h3 class=\"wp-block-heading has-trawell-acc-color has-text-color\"><strong>Paasvakantie &#8211; de tijd van variatie en opties<\/strong><\/h3>\n\n\n\n<p>De paasvakantie in Vlaanderen is een perfecte tijd om te genieten van de lente. Of je nu kiest voor een culturele daguitstap, een actieve wandel- of fietstocht door de natuur, of een gezellig uitje naar de kust \u2013 er is voor iedereen iets te beleven tijdens deze vakantieperiode. Plan je paasvakantie goed en geniet van wat Vlaanderen in het voorjaar te bieden heeft.<\/p>\n\n\n\n<ol class=\"wp-block-list\">\n<li><strong>Paaseieren zoeken in de Vlaamse parken<\/strong>&nbsp;<\/li>\n<\/ol>\n\n\n\n<p>Een klassieker tijdens de paasvakantie is natuurlijk het paaseieren zoeken. Veel steden en dorpen in Vlaanderen organiseren speciale eieren zoektochten voor kinderen in parken en recreatiegebieden. Een leuke manier om de lente te vieren en tegelijkertijd de prachtige natuur te ontdekken.<\/p>\n\n\n\n<ol start=\"2\" class=\"wp-block-list\">\n<li><strong>Bezoek aan de Japanse Tuin in Hasselt<\/strong>&nbsp;<\/li>\n<\/ol>\n\n\n\n<p>De Japanse Tuin in Hasselt is een oase van rust en schoonheid. In de lente staan de kersenbloesems in volle bloei, wat een spectaculair uitzicht biedt. Een bezoek aan deze tuin tijdens de paasvakantie is een perfecte manier om tot rust te komen en de natuur te bewonderen.<\/p>\n\n\n\n<ol start=\"3\" class=\"wp-block-list\">\n<li><strong>Paasworkshops in Vlaamse musea<\/strong>&nbsp;<\/li>\n<\/ol>\n\n\n\n<p>Veel musea in Vlaanderen organiseren tijdens de paasvakantie speciale workshops voor kinderen. Van knutselworkshops tot educatieve speurtochten, er zijn tal van mogelijkheden om creatief en leerzaam bezig te zijn.<\/p>\n\n\n\n<h3 class=\"wp-block-heading has-trawell-acc-color has-text-color\"><strong>Surf de lente in op surfkamp<\/strong><\/h3>\n\n\n\n<div class=\"wp-block-columns are-vertically-aligned-center is-layout-flex wp-container-core-columns-is-layout-4 wp-block-columns-is-layout-flex\">\n<div class=\"wp-block-column is-vertically-aligned-center is-layout-flow wp-block-column-is-layout-flow\">\n<figure class=\"wp-block-image size-large is-resized\"><img decoding=\"async\" width=\"1024\" height=\"575\" data-src=\"https:\/\/juvigo.nl\/magazine\/wp-content\/uploads\/2024\/09\/surfkamp-noordwijk-jongeren-surfen-groep-1024x575.jpeg\" alt=\"Surfers in water, activiteiten schoolvakanties Vlaanderen\" class=\"wp-image-8612 lazyload\" style=\"--smush-placeholder-width: 1024px; --smush-placeholder-aspect-ratio: 1024\/575;aspect-ratio:1.7808695652173914;width:390px;height:auto\" data-srcset=\"https:\/\/juvigo.nl\/magazine\/wp-content\/uploads\/2024\/09\/surfkamp-noordwijk-jongeren-surfen-groep-1024x575.jpeg 1024w, https:\/\/juvigo.nl\/magazine\/wp-content\/uploads\/2024\/09\/surfkamp-noordwijk-jongeren-surfen-groep-300x169.jpeg 300w, https:\/\/juvigo.nl\/magazine\/wp-content\/uploads\/2024\/09\/surfkamp-noordwijk-jongeren-surfen-groep-768x432.jpeg 768w, https:\/\/juvigo.nl\/magazine\/wp-content\/uploads\/2024\/09\/surfkamp-noordwijk-jongeren-surfen-groep-1536x863.jpeg 1536w, https:\/\/juvigo.nl\/magazine\/wp-content\/uploads\/2024\/09\/surfkamp-noordwijk-jongeren-surfen-groep-600x337.jpeg 600w, https:\/\/juvigo.nl\/magazine\/wp-content\/uploads\/2024\/09\/surfkamp-noordwijk-jongeren-surfen-groep-800x450.jpeg 800w, https:\/\/juvigo.nl\/magazine\/wp-content\/uploads\/2024\/09\/surfkamp-noordwijk-jongeren-surfen-groep-1200x675.jpeg 1200w, https:\/\/juvigo.nl\/magazine\/wp-content\/uploads\/2024\/09\/surfkamp-noordwijk-jongeren-surfen-groep-385x217.jpeg 385w, https:\/\/juvigo.nl\/magazine\/wp-content\/uploads\/2024\/09\/surfkamp-noordwijk-jongeren-surfen-groep-380x214.jpeg 380w, https:\/\/juvigo.nl\/magazine\/wp-content\/uploads\/2024\/09\/surfkamp-noordwijk-jongeren-surfen-groep-247x139.jpeg 247w, https:\/\/juvigo.nl\/magazine\/wp-content\/uploads\/2024\/09\/surfkamp-noordwijk-jongeren-surfen-groep-278x157.jpeg 278w, https:\/\/juvigo.nl\/magazine\/wp-content\/uploads\/2024\/09\/surfkamp-noordwijk-jongeren-surfen-groep-178x101.jpeg 178w, https:\/\/juvigo.nl\/magazine\/wp-content\/uploads\/2024\/09\/surfkamp-noordwijk-jongeren-surfen-groep.jpeg 1600w\" data-sizes=\"(max-width: 1024px) 100vw, 1024px\" src=\"data:image\/gif;base64,R0lGODlhAQABAAAAACH5BAEKAAEALAAAAAABAAEAAAICTAEAOw==\" \/><\/figure>\n<\/div>\n\n\n\n<div class=\"wp-block-column is-vertically-aligned-center is-layout-flow wp-block-column-is-layout-flow\">\n<p>Het voorjaar is het perfecte moment om weer naar buiten te gaan. De paasvakantie geeft je de ruimte om je favoriete vertrouwde, of juist nieuwe activiteiten uit te voeren. Heb jij altijd al willen surfen? Juvigo biedt meerdere <a href=\"https:\/\/juvigo.be\/nl\/surfkampen\">surfkampen<\/a> aan, in verschillende leeftijdscategorie\u00ebn en landen. Zo kun je bijvoorbeeld op <a href=\"https:\/\/juvigo.be\/nl\/surfkampen-13-jaar\">surfkamp<\/a> met leeftijdsgenoten van 13 jaar oud of op <a href=\"https:\/\/juvigo.be\/nl\/kampen\/surfkampen-spanje\">surfkamp in Spanje<\/a>. Er zijn ook genoeg mogelijkheden voor <a href=\"https:\/\/juvigo.be\/nl\/kampen\/surfkampen-volwassenen\">surfkampen voor volwassenen<\/a>.&nbsp;<\/p>\n<\/div>\n<\/div>\n\n\n\n<h2 class=\"wp-block-heading has-trawell-meta-color has-text-color\"><strong>Wanneer is de zomervakantie in Vlaanderen?<\/strong><\/h2>\n\n\n\n<p>De zomervakantie in Vlaanderen begint op <strong>1 juli en loopt tot en met 31 augustus 2026<\/strong>.<\/p>\n\n\n\n<h3 class=\"wp-block-heading has-trawell-acc-color has-text-color\"><strong>Alles is mogelijk in de zomervakantie!<\/strong><\/h3>\n\n\n\n<p>De zomervakantie is het hoogseizoen voor allerlei activiteiten in Vlaanderen. Of je nu de natuur in wilt, wilt relaxen aan de kust of culturele bezienswaardigheden wilt ontdekken, de zomervakantie biedt de meeste mogelijkheden van allemaal.<\/p>\n\n\n\n<ol class=\"wp-block-list\">\n<li><strong>Zwemmen in openluchtzwembaden en recreatiedomeinen<\/strong>&nbsp;<\/li>\n<\/ol>\n\n\n\n<p>Vlaanderen heeft veel recreatiegebieden zoals De Schorre en het Zilvermeer, waar je kunt zwemmen, zonnebaden en genieten van zomerse activiteiten.<\/p>\n\n\n\n<ol start=\"2\" class=\"wp-block-list\">\n<li><strong>De Vlaamse Ardennen \u2013 Outdoor avontuur<\/strong>&nbsp;<\/li>\n<\/ol>\n\n\n\n<p>Voor wandelaars en fietsers zijn de Vlaamse Ardennen een paradijs. De glooiende heuvels en groene valleien bieden tal van routes voor een actieve vakantie in de natuur.<\/p>\n\n\n\n<ol start=\"3\" class=\"wp-block-list\">\n<li><strong>Bezoek aan historische steden zoals Antwerpen en Leuven<\/strong>&nbsp;<\/li>\n<\/ol>\n\n\n\n<p>In de zomer bruist Vlaanderen van de culturele evenementen en festivals. Ontdek de historische stadskernen van Antwerpen of Leuven, bezoek musea en geniet van het zomerfestival.<\/p>\n\n\n\n<h3 class=\"wp-block-heading has-trawell-acc-color has-text-color\"><strong>Juvigo in de zomer<\/strong><\/h3>\n\n\n\n<div class=\"wp-block-columns are-vertically-aligned-center is-layout-flex wp-container-core-columns-is-layout-5 wp-block-columns-is-layout-flex\">\n<div class=\"wp-block-column is-vertically-aligned-center is-layout-flow wp-block-column-is-layout-flow\">\n<p>De langere duur van de zomervakantie biedt je boven alle plaatselijke activiteiten, ook de ruimte om het buitenland te verkennen. Juvigo helpt je hier graag bij! Vandaar dat wij verscheidene opties in het buitenland aanbieden. Wil je tijdens de zomervakantie graag scherp blijven? Meld je dan aan voor een <a href=\"https:\/\/juvigo.be\/nl\/taalreizen\">taalreis<\/a>. Hier kun je talen als <a href=\"https:\/\/juvigo.be\/nl\/kampen\/taalreizen-duits\">Duits<\/a>, <a href=\"https:\/\/juvigo.be\/nl\/kampen\/frans-taalreizen\">Frans<\/a> of <a href=\"https:\/\/juvigo.be\/nl\/kampen\/juvigo-taalreizen-spanje\">Spaans<\/a> leren en tegelijkertijd de bijbehorende cultuur ervaren. Hoe cool is dat?<\/p>\n<\/div>\n\n\n\n<div class=\"wp-block-column is-vertically-aligned-center is-layout-flow wp-block-column-is-layout-flow\">\n<figure class=\"wp-block-image size-full\"><img decoding=\"async\" width=\"700\" height=\"468\" data-src=\"https:\/\/juvigo.nl\/magazine\/wp-content\/uploads\/2024\/09\/creakamp-muziek-creatief.jpg\" alt=\"Meiden met koptelefoon op, activiteiten schoolvakanties Vlaanderen\" class=\"wp-image-8613 lazyload\" data-srcset=\"https:\/\/juvigo.nl\/magazine\/wp-content\/uploads\/2024\/09\/creakamp-muziek-creatief.jpg 700w, https:\/\/juvigo.nl\/magazine\/wp-content\/uploads\/2024\/09\/creakamp-muziek-creatief-300x201.jpg 300w, https:\/\/juvigo.nl\/magazine\/wp-content\/uploads\/2024\/09\/creakamp-muziek-creatief-600x401.jpg 600w, https:\/\/juvigo.nl\/magazine\/wp-content\/uploads\/2024\/09\/creakamp-muziek-creatief-227x152.jpg 227w, https:\/\/juvigo.nl\/magazine\/wp-content\/uploads\/2024\/09\/creakamp-muziek-creatief-143x96.jpg 143w, https:\/\/juvigo.nl\/magazine\/wp-content\/uploads\/2024\/09\/creakamp-muziek-creatief-585x390.jpg 585w, https:\/\/juvigo.nl\/magazine\/wp-content\/uploads\/2024\/09\/creakamp-muziek-creatief-385x257.jpg 385w\" data-sizes=\"(max-width: 700px) 100vw, 700px\" src=\"data:image\/gif;base64,R0lGODlhAQABAAAAACH5BAEKAAEALAAAAAABAAEAAAICTAEAOw==\" style=\"--smush-placeholder-width: 700px; --smush-placeholder-aspect-ratio: 700\/468;\" \/><\/figure>\n<\/div>\n<\/div>\n\n\n\n<p>Heb jij juist de behoefte om los te gaan tijdens de zomer? Dan kun je mee op jongerenvakantie naar zomerse bestemmingen als <a href=\"https:\/\/juvigo.be\/nl\/kampen\/jongerenreizen-malta\">Malta<\/a>, <a href=\"https:\/\/juvigo.be\/nl\/kampen\/jongerenreizen-portugal\">Portugal<\/a> en <a href=\"https:\/\/juvigo.be\/nl\/kampen\/jongerenreizen-italie\">Itali\u00eb<\/a>. Geniet hier van de zon, de zee en het strand. Voor de liefhebbers van een iets minder tropisch klimaat zijn er ook nog prachtige bestemmingen zoals <a href=\"https:\/\/juvigo.be\/nl\/kampen\/jongerenreizen-oostenrijk\">Oostenrijk<\/a>, <a href=\"https:\/\/juvigo.be\/nl\/kampen\/jongerenreizen-zweden\">Zweden<\/a> en <a href=\"https:\/\/juvigo.be\/nl\/kampen\/jongerenreizen-engeland\">Engeland<\/a>.<\/p>\n\n\n\n<p>Al deze schoolvakanties wachten om door jou ervaren te worden!<\/p>\n\n\n\n<p>Informatie over de Nederlandse schoolvakanties lees je hier:<\/p>\n\n\n\n<ul class=\"wp-block-list\">\n<li><a href=\"https:\/\/juvigo.nl\/magazine\/gids\/schoolvakanties\/wanneer-schoolvakanties\/\">Schoolvakanties schooljaar 2024\/2025<\/a><\/li>\n\n\n\n<li><a href=\"https:\/\/juvigo.nl\/magazine\/gids\/schoolvakanties\/wanneer-zijn-de-schoolvakanties-in-regio-noord\/\">Schoolvakanties regio Noord<\/a><\/li>\n\n\n\n<li><a href=\"https:\/\/juvigo.nl\/magazine\/gids\/schoolvakanties\/wanneer-schoolvakanties-regio-midden\/\">Schoolvakanties regio Midden<\/a><\/li>\n\n\n\n<li><a href=\"https:\/\/juvigo.nl\/magazine\/gids\/schoolvakanties\/schoolvakanties-regio-zuid\/\">Schoolvakantie regio Zuid<\/a><\/li>\n\n\n\n<li><\/li>\n<\/ul>\n\n\n\n<p><\/p>\n\n\n\n<p>Je kunt ons bereiken via: (020) 808 00 46 (Ma-Vr, 9-18 uur) of een mail sturen naar <a href=\"mailto:vragen@juvigo.nl\">vragen@juvigo.nl<\/a><\/p>\n","protected":false},"excerpt":{"rendered":"<p>Hoe leuk school en tijd met vrienden ook is, alle kinderen en jongeren kijken uit naar de schoolvakanties. Of het nu zomervakantie, paasvakantie, wintervakantie, herfstvakantie of kerstvakantie is. Om je een overzicht te geven van alle schoolvakanties in Vlaanderen in 2025\/2026, hebben wij deze voor je op een rijtje gezet.&nbsp; Schoolvakanties in Vlaanderen &#8211; avontuur [&hellip;]<\/p>\n","protected":false},"author":19,"featured_media":8607,"comment_status":"open","ping_status":"closed","sticky":false,"template":"","format":"standard","meta":{"advgb_blocks_editor_width":"","advgb_blocks_columns_visual_guide":"","footnotes":"","_links_to":"","_links_to_target":""},"categories":[486],"table_tags":[],"class_list":["post-8600","post","type-post","status-publish","format-standard","has-post-thumbnail","hentry","category-schoolvakanties"],"yoast_head":"<!-- This site is optimized with the Yoast SEO plugin v24.8.1 - https:\/\/yoast.com\/wordpress\/plugins\/seo\/ -->\n<title>Wanneer zijn de schoolvakanties in Vlaanderen? - Juvigo Magazine<\/title>\n<meta name=\"description\" content=\"Om je een overzicht te geven van alle schoolvakanties in Vlaanderen in 2024\/2025 hebben wij deze voor je op een rijtje gezet. Lees hier meer!\" \/>\n<meta name=\"robots\" content=\"index, follow, max-snippet:-1, max-image-preview:large, max-video-preview:-1\" \/>\n<link rel=\"canonical\" href=\"https:\/\/juvigo.nl\/magazine\/gids\/schoolvakanties\/wanneer-zijn-de-schoolvakanties-in-vlaanderen\/\" \/>\n<meta property=\"og:locale\" content=\"nl_NL\" \/>\n<meta property=\"og:type\" content=\"article\" \/>\n<meta property=\"og:title\" content=\"Wanneer zijn de schoolvakanties in Vlaanderen? - Juvigo Magazine\" \/>\n<meta property=\"og:description\" content=\"Om je een overzicht te geven van alle schoolvakanties in Vlaanderen in 2024\/2025 hebben wij deze voor je op een rijtje gezet. Lees hier meer!\" \/>\n<meta property=\"og:url\" content=\"https:\/\/juvigo.nl\/magazine\/gids\/schoolvakanties\/wanneer-zijn-de-schoolvakanties-in-vlaanderen\/\" \/>\n<meta property=\"og:site_name\" content=\"Magazine\" \/>\n<meta property=\"article:publisher\" content=\"https:\/\/de-de.facebook.com\/meinjuvigo\" \/>\n<meta property=\"article:published_time\" content=\"2024-09-10T09:31:25+00:00\" \/>\n<meta property=\"article:modified_time\" content=\"2025-09-11T11:06:14+00:00\" \/>\n<meta property=\"og:image\" content=\"https:\/\/juvigo.nl\/magazine\/wp-content\/uploads\/2024\/09\/brugge-scaled.jpg\" \/>\n\t<meta property=\"og:image:width\" content=\"1707\" \/>\n\t<meta property=\"og:image:height\" content=\"2560\" \/>\n\t<meta property=\"og:image:type\" content=\"image\/jpeg\" \/>\n<meta name=\"author\" content=\"Sam\" \/>\n<meta name=\"twitter:card\" content=\"summary_large_image\" \/>\n<meta name=\"twitter:creator\" content=\"@meinjuvigo\" \/>\n<meta name=\"twitter:site\" content=\"@meinjuvigo\" \/>\n<meta name=\"twitter:label1\" content=\"Written by\" \/>\n\t<meta name=\"twitter:data1\" content=\"Sam\" \/>\n\t<meta name=\"twitter:label2\" content=\"Est. reading time\" \/>\n\t<meta name=\"twitter:data2\" content=\"10 minutes\" \/>\n<script type=\"application\/ld+json\" class=\"yoast-schema-graph\">{\"@context\":\"https:\/\/schema.org\",\"@graph\":[{\"@type\":\"Article\",\"@id\":\"https:\/\/juvigo.nl\/magazine\/gids\/schoolvakanties\/wanneer-zijn-de-schoolvakanties-in-vlaanderen\/#article\",\"isPartOf\":{\"@id\":\"https:\/\/juvigo.nl\/magazine\/gids\/schoolvakanties\/wanneer-zijn-de-schoolvakanties-in-vlaanderen\/\"},\"author\":{\"name\":\"Sam\",\"@id\":\"https:\/\/juvigo.nl\/magazine\/#\/schema\/person\/48117f310f369734d0a528151bba0ba7\"},\"headline\":\"Wanneer zijn de schoolvakanties in Vlaanderen?\",\"datePublished\":\"2024-09-10T09:31:25+00:00\",\"dateModified\":\"2025-09-11T11:06:14+00:00\",\"mainEntityOfPage\":{\"@id\":\"https:\/\/juvigo.nl\/magazine\/gids\/schoolvakanties\/wanneer-zijn-de-schoolvakanties-in-vlaanderen\/\"},\"wordCount\":1990,\"commentCount\":0,\"publisher\":{\"@id\":\"https:\/\/juvigo.nl\/magazine\/#organization\"},\"image\":{\"@id\":\"https:\/\/juvigo.nl\/magazine\/gids\/schoolvakanties\/wanneer-zijn-de-schoolvakanties-in-vlaanderen\/#primaryimage\"},\"thumbnailUrl\":\"https:\/\/juvigo.nl\/magazine\/wp-content\/uploads\/2024\/09\/brugge-scaled.jpg\",\"articleSection\":[\"Schoolvakanties\"],\"inLanguage\":\"nl\",\"potentialAction\":[{\"@type\":\"CommentAction\",\"name\":\"Comment\",\"target\":[\"https:\/\/juvigo.nl\/magazine\/gids\/schoolvakanties\/wanneer-zijn-de-schoolvakanties-in-vlaanderen\/#respond\"]}]},{\"@type\":\"WebPage\",\"@id\":\"https:\/\/juvigo.nl\/magazine\/gids\/schoolvakanties\/wanneer-zijn-de-schoolvakanties-in-vlaanderen\/\",\"url\":\"https:\/\/juvigo.nl\/magazine\/gids\/schoolvakanties\/wanneer-zijn-de-schoolvakanties-in-vlaanderen\/\",\"name\":\"Wanneer zijn de schoolvakanties in Vlaanderen? - Juvigo Magazine\",\"isPartOf\":{\"@id\":\"https:\/\/juvigo.nl\/magazine\/#website\"},\"primaryImageOfPage\":{\"@id\":\"https:\/\/juvigo.nl\/magazine\/gids\/schoolvakanties\/wanneer-zijn-de-schoolvakanties-in-vlaanderen\/#primaryimage\"},\"image\":{\"@id\":\"https:\/\/juvigo.nl\/magazine\/gids\/schoolvakanties\/wanneer-zijn-de-schoolvakanties-in-vlaanderen\/#primaryimage\"},\"thumbnailUrl\":\"https:\/\/juvigo.nl\/magazine\/wp-content\/uploads\/2024\/09\/brugge-scaled.jpg\",\"datePublished\":\"2024-09-10T09:31:25+00:00\",\"dateModified\":\"2025-09-11T11:06:14+00:00\",\"description\":\"Om je een overzicht te geven van alle schoolvakanties in Vlaanderen in 2024\/2025 hebben wij deze voor je op een rijtje gezet. Lees hier meer!\",\"breadcrumb\":{\"@id\":\"https:\/\/juvigo.nl\/magazine\/gids\/schoolvakanties\/wanneer-zijn-de-schoolvakanties-in-vlaanderen\/#breadcrumb\"},\"inLanguage\":\"nl\",\"potentialAction\":[{\"@type\":\"ReadAction\",\"target\":[\"https:\/\/juvigo.nl\/magazine\/gids\/schoolvakanties\/wanneer-zijn-de-schoolvakanties-in-vlaanderen\/\"]}]},{\"@type\":\"ImageObject\",\"inLanguage\":\"nl\",\"@id\":\"https:\/\/juvigo.nl\/magazine\/gids\/schoolvakanties\/wanneer-zijn-de-schoolvakanties-in-vlaanderen\/#primaryimage\",\"url\":\"https:\/\/juvigo.nl\/magazine\/wp-content\/uploads\/2024\/09\/brugge-scaled.jpg\",\"contentUrl\":\"https:\/\/juvigo.nl\/magazine\/wp-content\/uploads\/2024\/09\/brugge-scaled.jpg\",\"width\":1707,\"height\":2560,\"caption\":\"Belfort Brugge, activiteiten schoolvakanties Vlaanderen\"},{\"@type\":\"BreadcrumbList\",\"@id\":\"https:\/\/juvigo.nl\/magazine\/gids\/schoolvakanties\/wanneer-zijn-de-schoolvakanties-in-vlaanderen\/#breadcrumb\",\"itemListElement\":[{\"@type\":\"ListItem\",\"position\":1,\"name\":\"Juvigo-Magazine\",\"item\":\"https:\/\/juvigo.nl\/magazine\/\"},{\"@type\":\"ListItem\",\"position\":2,\"name\":\"Gids\",\"item\":\"https:\/\/juvigo.nl\/magazine\/gids\/\"},{\"@type\":\"ListItem\",\"position\":3,\"name\":\"Schoolvakanties\",\"item\":\"https:\/\/juvigo.nl\/magazine\/gids\/schoolvakanties\/\"},{\"@type\":\"ListItem\",\"position\":4,\"name\":\"Wanneer zijn de schoolvakanties in Vlaanderen?\"}]},{\"@type\":\"WebSite\",\"@id\":\"https:\/\/juvigo.nl\/magazine\/#website\",\"url\":\"https:\/\/juvigo.nl\/magazine\/\",\"name\":\"Magazine\",\"description\":\"Informatie over vakantiekampen, jongerenreizen en taalreizen\",\"publisher\":{\"@id\":\"https:\/\/juvigo.nl\/magazine\/#organization\"},\"potentialAction\":[{\"@type\":\"SearchAction\",\"target\":{\"@type\":\"EntryPoint\",\"urlTemplate\":\"https:\/\/juvigo.nl\/magazine\/?s={search_term_string}\"},\"query-input\":{\"@type\":\"PropertyValueSpecification\",\"valueRequired\":true,\"valueName\":\"search_term_string\"}}],\"inLanguage\":\"nl\"},{\"@type\":\"Organization\",\"@id\":\"https:\/\/juvigo.nl\/magazine\/#organization\",\"name\":\"Juvigo GmbH\",\"url\":\"https:\/\/juvigo.nl\/magazine\/\",\"logo\":{\"@type\":\"ImageObject\",\"inLanguage\":\"nl\",\"@id\":\"https:\/\/juvigo.nl\/magazine\/#\/schema\/logo\/image\/\",\"url\":\"https:\/\/juvigo.nl\/magazine\/wp-content\/uploads\/2022\/02\/magazine_logo_scaled.png\",\"contentUrl\":\"https:\/\/juvigo.nl\/magazine\/wp-content\/uploads\/2022\/02\/magazine_logo_scaled.png\",\"width\":240,\"height\":100,\"caption\":\"Juvigo GmbH\"},\"image\":{\"@id\":\"https:\/\/juvigo.nl\/magazine\/#\/schema\/logo\/image\/\"},\"sameAs\":[\"https:\/\/de-de.facebook.com\/meinjuvigo\",\"https:\/\/x.com\/meinjuvigo\",\"http:\/\/instagram.com\/juvigo_de\/\"]},{\"@type\":\"Person\",\"@id\":\"https:\/\/juvigo.nl\/magazine\/#\/schema\/person\/48117f310f369734d0a528151bba0ba7\",\"name\":\"Sam\",\"image\":{\"@type\":\"ImageObject\",\"inLanguage\":\"nl\",\"@id\":\"https:\/\/juvigo.nl\/magazine\/#\/schema\/person\/image\/\",\"url\":\"https:\/\/juvigo.nl\/magazine\/wp-content\/uploads\/2020\/10\/Sam-Vereecken-Kopie-150x150.jpg\",\"contentUrl\":\"https:\/\/juvigo.nl\/magazine\/wp-content\/uploads\/2020\/10\/Sam-Vereecken-Kopie-150x150.jpg\",\"caption\":\"Sam\"},\"url\":\"https:\/\/juvigo.nl\/magazine\/author\/sam-2\/\"}]}<\/script>\n<!-- \/ Yoast SEO plugin. -->","yoast_head_json":{"title":"Wanneer zijn de schoolvakanties in Vlaanderen? - Juvigo Magazine","description":"Om je een overzicht te geven van alle schoolvakanties in Vlaanderen in 2024\/2025 hebben wij deze voor je op een rijtje gezet. Lees hier meer!","robots":{"index":"index","follow":"follow","max-snippet":"max-snippet:-1","max-image-preview":"max-image-preview:large","max-video-preview":"max-video-preview:-1"},"canonical":"https:\/\/juvigo.nl\/magazine\/gids\/schoolvakanties\/wanneer-zijn-de-schoolvakanties-in-vlaanderen\/","og_locale":"nl_NL","og_type":"article","og_title":"Wanneer zijn de schoolvakanties in Vlaanderen? - Juvigo Magazine","og_description":"Om je een overzicht te geven van alle schoolvakanties in Vlaanderen in 2024\/2025 hebben wij deze voor je op een rijtje gezet. Lees hier meer!","og_url":"https:\/\/juvigo.nl\/magazine\/gids\/schoolvakanties\/wanneer-zijn-de-schoolvakanties-in-vlaanderen\/","og_site_name":"Magazine","article_publisher":"https:\/\/de-de.facebook.com\/meinjuvigo","article_published_time":"2024-09-10T09:31:25+00:00","article_modified_time":"2025-09-11T11:06:14+00:00","og_image":[{"width":1707,"height":2560,"url":"https:\/\/juvigo.nl\/magazine\/wp-content\/uploads\/2024\/09\/brugge-scaled.jpg","type":"image\/jpeg"}],"author":"Sam","twitter_card":"summary_large_image","twitter_creator":"@meinjuvigo","twitter_site":"@meinjuvigo","twitter_misc":{"Written by":"Sam","Est. reading time":"10 minutes"},"schema":{"@context":"https:\/\/schema.org","@graph":[{"@type":"Article","@id":"https:\/\/juvigo.nl\/magazine\/gids\/schoolvakanties\/wanneer-zijn-de-schoolvakanties-in-vlaanderen\/#article","isPartOf":{"@id":"https:\/\/juvigo.nl\/magazine\/gids\/schoolvakanties\/wanneer-zijn-de-schoolvakanties-in-vlaanderen\/"},"author":{"name":"Sam","@id":"https:\/\/juvigo.nl\/magazine\/#\/schema\/person\/48117f310f369734d0a528151bba0ba7"},"headline":"Wanneer zijn de schoolvakanties in Vlaanderen?","datePublished":"2024-09-10T09:31:25+00:00","dateModified":"2025-09-11T11:06:14+00:00","mainEntityOfPage":{"@id":"https:\/\/juvigo.nl\/magazine\/gids\/schoolvakanties\/wanneer-zijn-de-schoolvakanties-in-vlaanderen\/"},"wordCount":1990,"commentCount":0,"publisher":{"@id":"https:\/\/juvigo.nl\/magazine\/#organization"},"image":{"@id":"https:\/\/juvigo.nl\/magazine\/gids\/schoolvakanties\/wanneer-zijn-de-schoolvakanties-in-vlaanderen\/#primaryimage"},"thumbnailUrl":"https:\/\/juvigo.nl\/magazine\/wp-content\/uploads\/2024\/09\/brugge-scaled.jpg","articleSection":["Schoolvakanties"],"inLanguage":"nl","potentialAction":[{"@type":"CommentAction","name":"Comment","target":["https:\/\/juvigo.nl\/magazine\/gids\/schoolvakanties\/wanneer-zijn-de-schoolvakanties-in-vlaanderen\/#respond"]}]},{"@type":"WebPage","@id":"https:\/\/juvigo.nl\/magazine\/gids\/schoolvakanties\/wanneer-zijn-de-schoolvakanties-in-vlaanderen\/","url":"https:\/\/juvigo.nl\/magazine\/gids\/schoolvakanties\/wanneer-zijn-de-schoolvakanties-in-vlaanderen\/","name":"Wanneer zijn de schoolvakanties in Vlaanderen? - Juvigo Magazine","isPartOf":{"@id":"https:\/\/juvigo.nl\/magazine\/#website"},"primaryImageOfPage":{"@id":"https:\/\/juvigo.nl\/magazine\/gids\/schoolvakanties\/wanneer-zijn-de-schoolvakanties-in-vlaanderen\/#primaryimage"},"image":{"@id":"https:\/\/juvigo.nl\/magazine\/gids\/schoolvakanties\/wanneer-zijn-de-schoolvakanties-in-vlaanderen\/#primaryimage"},"thumbnailUrl":"https:\/\/juvigo.nl\/magazine\/wp-content\/uploads\/2024\/09\/brugge-scaled.jpg","datePublished":"2024-09-10T09:31:25+00:00","dateModified":"2025-09-11T11:06:14+00:00","description":"Om je een overzicht te geven van alle schoolvakanties in Vlaanderen in 2024\/2025 hebben wij deze voor je op een rijtje gezet. Lees hier meer!","breadcrumb":{"@id":"https:\/\/juvigo.nl\/magazine\/gids\/schoolvakanties\/wanneer-zijn-de-schoolvakanties-in-vlaanderen\/#breadcrumb"},"inLanguage":"nl","potentialAction":[{"@type":"ReadAction","target":["https:\/\/juvigo.nl\/magazine\/gids\/schoolvakanties\/wanneer-zijn-de-schoolvakanties-in-vlaanderen\/"]}]},{"@type":"ImageObject","inLanguage":"nl","@id":"https:\/\/juvigo.nl\/magazine\/gids\/schoolvakanties\/wanneer-zijn-de-schoolvakanties-in-vlaanderen\/#primaryimage","url":"https:\/\/juvigo.nl\/magazine\/wp-content\/uploads\/2024\/09\/brugge-scaled.jpg","contentUrl":"https:\/\/juvigo.nl\/magazine\/wp-content\/uploads\/2024\/09\/brugge-scaled.jpg","width":1707,"height":2560,"caption":"Belfort Brugge, activiteiten schoolvakanties Vlaanderen"},{"@type":"BreadcrumbList","@id":"https:\/\/juvigo.nl\/magazine\/gids\/schoolvakanties\/wanneer-zijn-de-schoolvakanties-in-vlaanderen\/#breadcrumb","itemListElement":[{"@type":"ListItem","position":1,"name":"Juvigo-Magazine","item":"https:\/\/juvigo.nl\/magazine\/"},{"@type":"ListItem","position":2,"name":"Gids","item":"https:\/\/juvigo.nl\/magazine\/gids\/"},{"@type":"ListItem","position":3,"name":"Schoolvakanties","item":"https:\/\/juvigo.nl\/magazine\/gids\/schoolvakanties\/"},{"@type":"ListItem","position":4,"name":"Wanneer zijn de schoolvakanties in Vlaanderen?"}]},{"@type":"WebSite","@id":"https:\/\/juvigo.nl\/magazine\/#website","url":"https:\/\/juvigo.nl\/magazine\/","name":"Magazine","description":"Informatie over vakantiekampen, jongerenreizen en taalreizen","publisher":{"@id":"https:\/\/juvigo.nl\/magazine\/#organization"},"potentialAction":[{"@type":"SearchAction","target":{"@type":"EntryPoint","urlTemplate":"https:\/\/juvigo.nl\/magazine\/?s={search_term_string}"},"query-input":{"@type":"PropertyValueSpecification","valueRequired":true,"valueName":"search_term_string"}}],"inLanguage":"nl"},{"@type":"Organization","@id":"https:\/\/juvigo.nl\/magazine\/#organization","name":"Juvigo GmbH","url":"https:\/\/juvigo.nl\/magazine\/","logo":{"@type":"ImageObject","inLanguage":"nl","@id":"https:\/\/juvigo.nl\/magazine\/#\/schema\/logo\/image\/","url":"https:\/\/juvigo.nl\/magazine\/wp-content\/uploads\/2022\/02\/magazine_logo_scaled.png","contentUrl":"https:\/\/juvigo.nl\/magazine\/wp-content\/uploads\/2022\/02\/magazine_logo_scaled.png","width":240,"height":100,"caption":"Juvigo GmbH"},"image":{"@id":"https:\/\/juvigo.nl\/magazine\/#\/schema\/logo\/image\/"},"sameAs":["https:\/\/de-de.facebook.com\/meinjuvigo","https:\/\/x.com\/meinjuvigo","http:\/\/instagram.com\/juvigo_de\/"]},{"@type":"Person","@id":"https:\/\/juvigo.nl\/magazine\/#\/schema\/person\/48117f310f369734d0a528151bba0ba7","name":"Sam","image":{"@type":"ImageObject","inLanguage":"nl","@id":"https:\/\/juvigo.nl\/magazine\/#\/schema\/person\/image\/","url":"https:\/\/juvigo.nl\/magazine\/wp-content\/uploads\/2020\/10\/Sam-Vereecken-Kopie-150x150.jpg","contentUrl":"https:\/\/juvigo.nl\/magazine\/wp-content\/uploads\/2020\/10\/Sam-Vereecken-Kopie-150x150.jpg","caption":"Sam"},"url":"https:\/\/juvigo.nl\/magazine\/author\/sam-2\/"}]}},"author_meta":{"display_name":"Sam","author_link":"https:\/\/juvigo.nl\/magazine\/author\/sam-2\/"},"featured_img":"https:\/\/juvigo.nl\/magazine\/wp-content\/uploads\/2024\/09\/brugge-200x300.jpg","wps_subtitle":"","coauthors":[],"tax_additional":{"categories":{"linked":["<a href=\"https:\/\/juvigo.nl\/magazine\/gids\/schoolvakanties\/\" class=\"advgb-post-tax-term\">Schoolvakanties<\/a>"],"unlinked":["<span class=\"advgb-post-tax-term\">Schoolvakanties<\/span>"]}},"comment_count":"0","relative_dates":{"created":"Posted 2 years ago","modified":"Updated 8 months ago"},"absolute_dates":{"created":"Posted on 10-09-2024","modified":"Updated on 11-09-2025"},"absolute_dates_time":{"created":"Posted on 10-09-2024 11:31","modified":"Updated on 11-09-2025 13:06"},"featured_img_caption":"","series_order":"","_links":{"self":[{"href":"https:\/\/juvigo.nl\/magazine\/wp-json\/wp\/v2\/posts\/8600","targetHints":{"allow":["GET"]}}],"collection":[{"href":"https:\/\/juvigo.nl\/magazine\/wp-json\/wp\/v2\/posts"}],"about":[{"href":"https:\/\/juvigo.nl\/magazine\/wp-json\/wp\/v2\/types\/post"}],"author":[{"embeddable":true,"href":"https:\/\/juvigo.nl\/magazine\/wp-json\/wp\/v2\/users\/19"}],"replies":[{"embeddable":true,"href":"https:\/\/juvigo.nl\/magazine\/wp-json\/wp\/v2\/comments?post=8600"}],"version-history":[{"count":12,"href":"https:\/\/juvigo.nl\/magazine\/wp-json\/wp\/v2\/posts\/8600\/revisions"}],"predecessor-version":[{"id":9852,"href":"https:\/\/juvigo.nl\/magazine\/wp-json\/wp\/v2\/posts\/8600\/revisions\/9852"}],"wp:featuredmedia":[{"embeddable":true,"href":"https:\/\/juvigo.nl\/magazine\/wp-json\/wp\/v2\/media\/8607"}],"wp:attachment":[{"href":"https:\/\/juvigo.nl\/magazine\/wp-json\/wp\/v2\/media?parent=8600"}],"wp:term":[{"taxonomy":"category","embeddable":true,"href":"https:\/\/juvigo.nl\/magazine\/wp-json\/wp\/v2\/categories?post=8600"},{"taxonomy":"table_tags","embeddable":true,"href":"https:\/\/juvigo.nl\/magazine\/wp-json\/wp\/v2\/table_tags?post=8600"}],"curies":[{"name":"wp","href":"https:\/\/api.w.org\/{rel}","templated":true}]}}